{"id":7446,"date":"2024-06-27T15:10:23","date_gmt":"2024-06-27T15:10:23","guid":{"rendered":"https:\/\/eudailytimes.com\/francia-busca-emprendedores-mexicanos-en-tecnologia\/"},"modified":"2024-06-27T15:10:23","modified_gmt":"2024-06-27T15:10:23","slug":"francia-busca-emprendedores-mexicanos-en-tecnologia","status":"publish","type":"post","link":"https:\/\/eudailytimes.com\/es\/francia-busca-emprendedores-mexicanos-en-tecnologia\/","title":{"rendered":"Francia busca emprendedores mexicanos en tecnolog\u00eda"},"content":{"rendered":"<p> <br \/>\n<\/p>\n<div property=\"content:encoded\">\n<p>Francia ofrece a emprendedores y estudiantes mexicanos en el \u00e1mbito de la tecnolog\u00eda m\u00e1s de 25 programas acad\u00e9micos a licenciaturas, maestr\u00edas y doctorados enfocados en la inteligencia artificial, con el objetivo de llevarlos a Europa y crear oportunidades de desarrollo para compartir entre ambas naciones.<\/p>\n<p>As\u00ed lo asegur\u00f3 J\u00e9r\u00f4me Audin, encargado de Negocios de la Embajada de Francia en M\u00e9xico, al inaugurar ayer la French Tech 2024, donde dijo su gobierno busca mostrar las oportunidades de Francia para impulsar los mercados internacionales. \u201cGracias a las pol\u00edticas p\u00fablicas de&#8230;<\/p>\n<\/div>\n<p><br \/>\n<br \/><a href=\"https:\/\/m.imagenradio.com.mx\/francia-busca-emprendedores-mexicanos-en-tecnologia?amp\">Fuente<\/a><\/p>\n","protected":false},"excerpt":{"rendered":"<p>Francia ofrece a emprendedores y estudiantes mexicanos en el \u00e1mbito de la tecnolog\u00eda m\u00e1s de 25 programas acad\u00e9micos a licenciaturas, maestr\u00edas y doctorados enfocados en la inteligencia artificial, con el objetivo de llevarlos a Europa y crear oportunidades de desarrollo para compartir entre ambas naciones. As\u00ed lo asegur\u00f3 J\u00e9r\u00f4me Audin, encargado de Negocios de la [&hellip;]<\/p>\n","protected":false},"author":1,"featured_media":0,"comment_status":"closed","ping_status":"closed","sticky":false,"template":"","format":"standard","meta":{"jnews-multi-image_gallery":[],"jnews_single_post":[],"jnews_primary_category":[],"jnews_override_counter":[],"jnews_post_split":[],"footnotes":""},"categories":[582],"tags":[],"class_list":["post-7446","post","type-post","status-publish","format-standard","hentry","category-france-es"],"_links":{"self":[{"href":"https:\/\/eudailytimes.com\/es\/wp-json\/wp\/v2\/posts\/7446","targetHints":{"allow":["GET"]}}],"collection":[{"href":"https:\/\/eudailytimes.com\/es\/wp-json\/wp\/v2\/posts"}],"about":[{"href":"https:\/\/eudailytimes.com\/es\/wp-json\/wp\/v2\/types\/post"}],"author":[{"embeddable":true,"href":"https:\/\/eudailytimes.com\/es\/wp-json\/wp\/v2\/users\/1"}],"replies":[{"embeddable":true,"href":"https:\/\/eudailytimes.com\/es\/wp-json\/wp\/v2\/comments?post=7446"}],"version-history":[{"count":0,"href":"https:\/\/eudailytimes.com\/es\/wp-json\/wp\/v2\/posts\/7446\/revisions"}],"wp:attachment":[{"href":"https:\/\/eudailytimes.com\/es\/wp-json\/wp\/v2\/media?parent=7446"}],"wp:term":[{"taxonomy":"category","embeddable":true,"href":"https:\/\/eudailytimes.com\/es\/wp-json\/wp\/v2\/categories?post=7446"},{"taxonomy":"post_tag","embeddable":true,"href":"https:\/\/eudailytimes.com\/es\/wp-json\/wp\/v2\/tags?post=7446"}],"curies":[{"name":"wp","href":"https:\/\/api.w.org\/{rel}","templated":true}]}}