{"id":7452,"date":"2024-06-27T15:10:33","date_gmt":"2024-06-27T15:10:33","guid":{"rendered":"https:\/\/eudailytimes.com\/sonora-global-promueve-sinaloa-con-inversionistas-de-eu-francia-y-marruecos\/"},"modified":"2024-06-27T15:10:33","modified_gmt":"2024-06-27T15:10:33","slug":"sonora-global-promueve-sinaloa-con-inversionistas-de-eu-francia-y-marruecos","status":"publish","type":"post","link":"https:\/\/eudailytimes.com\/es\/sonora-global-promueve-sinaloa-con-inversionistas-de-eu-francia-y-marruecos\/","title":{"rendered":"Sonora Global promueve Sinaloa con inversionistas de EU, Francia y Marruecos"},"content":{"rendered":"<p> <br \/>\n<\/p>\n<div>\n<p class=\"news-box-content-sub\">&#13;<br \/>\n                Sinaloa  |   04\/23\/2024 04:33:00 p. m.  | Esthela Garc\u00eda&#13;<br \/>\n&#13;\n            <\/p>\n<h2>Sonora Global integra a Sinaloa para promover inversi\u00f3n extranjera en el noroeste del pa\u00eds. &#13;<br \/>\n<\/h2>\n<p><!-- AMP AdSlot 1 for Ad Unit 'luznoticias.mx\/amp_1' ### Size: 336x280,300x250 --><amp-ad type=\"doubleclick\" id=\"amp-aslot-1\" data-slot=\"\/22842601749\/luznoticias.mx\/amp_1\" width=\"336\" height=\"280\" data-multi-size=\"300x250\" rtc-config=\"{&#13;&#10;                    &quot;vendors&quot;: { &quot;aps&quot;: {&quot;PUB_ID&quot;: &quot;600&quot;, &quot;PUB_UUID&quot;: &quot;a04ecc67-f8d5-4967-b5c8-d13c7568c3b7&quot;, &quot;PARAMS&quot;:{&quot;amp&quot;:&quot;1&quot;}} }&#13;&#10;                }\"\/><!-- End --><amp-img class=\"full-bottom\" src=\"https:\/\/luznoticiasrm.blob.core.windows.net\/images\/2024\/04\/23\/whatsapp-image-2024-04-23-at-3.41.45-pm-focus-0-0-600-400.jpg\" width=\"600\" height=\"400\" layout=\"responsive\" alt=\"Sonora Global promueve Sinaloa con inversionistas de EU, Francia y Marruecos \" title=\"Sonora Global promueve Sinaloa con inversionistas de EU, Francia y Marruecos \"\/><!-- AMP AdSlot 2 for Ad Unit 'luznoticias.mx\/amp_2' ### Size: 336x280,300x250 --><amp-ad type=\"doubleclick\" id=\"amp-aslot-2\" data-slot=\"\/22842601749\/luznoticias.mx\/amp_2\" width=\"336\" height=\"280\" data-multi-size=\"300x250\" rtc-config=\"{&#13;&#10;                    &quot;vendors&quot;: { &quot;aps&quot;: {&quot;PUB_ID&quot;: &quot;600&quot;, &quot;PUB_UUID&quot;: &quot;a04ecc67-f8d5-4967-b5c8-d13c7568c3b7&quot;, &quot;PARAMS&quot;:{&quot;amp&quot;:&quot;1&quot;}} }&#13;&#10;                }\"\/><!-- End --><\/p>\n<p><strong>Sonora Global fortalece la promoci\u00f3n<\/strong> y gesti\u00f3n de inversiones dentro del Corredor Econ\u00f3mico del Norte (CEN) con el estado de Sinaloa dentro del Corredor Econ\u00f3mico del Norte (CEN) atrayendo inversionistas de Estados Unidos, Francia y Marruecos.<\/p>\n<p><strong>Arturo Fern\u00e1ndez D\u00edaz Gonz\u00e1lez, <\/strong>presidente de Sonora Global y la misi\u00f3n empresarial Sonora-Arizona-Sinaloa estuvo de visita en el Puerto de Topolobampo y se&#8230;<\/p>\n<\/div>\n<p><br \/>\n<br \/><a href=\"https:\/\/www.luznoticias.mx\/amp\/2024-04-23\/sinaloa\/sonora-global-promueve-sinaloa-con-inversionistas-de-eu-francia-y-marruecos-\/202848\">Fuente<\/a><\/p>\n","protected":false},"excerpt":{"rendered":"<p>&#13; Sinaloa | 04\/23\/2024 04:33:00 p. m. | Esthela Garc\u00eda&#13; &#13; Sonora Global integra a Sinaloa para promover inversi\u00f3n extranjera en el noroeste del pa\u00eds. &#13; Sonora Global fortalece la promoci\u00f3n y gesti\u00f3n de inversiones dentro del Corredor Econ\u00f3mico del Norte (CEN) con el estado de Sinaloa dentro del Corredor Econ\u00f3mico del Norte (CEN) atrayendo [&hellip;]<\/p>\n","protected":false},"author":1,"featured_media":0,"comment_status":"closed","ping_status":"closed","sticky":false,"template":"","format":"standard","meta":{"jnews-multi-image_gallery":[],"jnews_single_post":[],"jnews_primary_category":[],"jnews_override_counter":[],"jnews_post_split":[],"footnotes":""},"categories":[582],"tags":[],"class_list":["post-7452","post","type-post","status-publish","format-standard","hentry","category-france-es"],"_links":{"self":[{"href":"https:\/\/eudailytimes.com\/es\/wp-json\/wp\/v2\/posts\/7452","targetHints":{"allow":["GET"]}}],"collection":[{"href":"https:\/\/eudailytimes.com\/es\/wp-json\/wp\/v2\/posts"}],"about":[{"href":"https:\/\/eudailytimes.com\/es\/wp-json\/wp\/v2\/types\/post"}],"author":[{"embeddable":true,"href":"https:\/\/eudailytimes.com\/es\/wp-json\/wp\/v2\/users\/1"}],"replies":[{"embeddable":true,"href":"https:\/\/eudailytimes.com\/es\/wp-json\/wp\/v2\/comments?post=7452"}],"version-history":[{"count":0,"href":"https:\/\/eudailytimes.com\/es\/wp-json\/wp\/v2\/posts\/7452\/revisions"}],"wp:attachment":[{"href":"https:\/\/eudailytimes.com\/es\/wp-json\/wp\/v2\/media?parent=7452"}],"wp:term":[{"taxonomy":"category","embeddable":true,"href":"https:\/\/eudailytimes.com\/es\/wp-json\/wp\/v2\/categories?post=7452"},{"taxonomy":"post_tag","embeddable":true,"href":"https:\/\/eudailytimes.com\/es\/wp-json\/wp\/v2\/tags?post=7452"}],"curies":[{"name":"wp","href":"https:\/\/api.w.org\/{rel}","templated":true}]}}