{"id":7458,"date":"2024-06-27T15:10:38","date_gmt":"2024-06-27T15:10:38","guid":{"rendered":"https:\/\/eudailytimes.com\/europa-refuerza-su-participacion-publica-en-cotizadas-de-energia-defensa-y-telecomunicaciones\/"},"modified":"2024-06-27T15:10:38","modified_gmt":"2024-06-27T15:10:38","slug":"europa-refuerza-su-participacion-publica-en-cotizadas-de-energia-defensa-y-telecomunicaciones","status":"publish","type":"post","link":"https:\/\/eudailytimes.com\/es\/europa-refuerza-su-participacion-publica-en-cotizadas-de-energia-defensa-y-telecomunicaciones\/","title":{"rendered":"Europa refuerza su participaci\u00f3n p\u00fablica en cotizadas de energ\u00eda, defensa y telecomunicaciones"},"content":{"rendered":"<p> <br \/>\n<\/p>\n<div id=\"content\">\n<p>El mundo y Europa en particular est\u00e1n dando pasos atr\u00e1s en la internacionalizaci\u00f3n y la privatizaci\u00f3n de las empresas en un contexto en el que se busca defender a los <a href=\"https:\/\/www.eleconomista.es\/economia\/noticias\/12773341\/04\/24\/el-informe-letta-reclama-una-estrategia-industrial-competitiva-para-hacer-frente-a-eeuu-y-china.html\" title=\"El 'informe Letta' apunta a la energ\u00eda, telecomunicaciones y mercados financieros como sectores estrat\u00e9gicos \">sectores m\u00e1s estrat\u00e9gicos para las econom\u00edas<\/a>. El Covid, los problemas de suministro y los conflictos geopol\u00edticos son algunas de las razones que han precipitado a los gobiernos a tomar o elevar una posici\u00f3n en compa\u00f1\u00edas de industrias clave que ya estaban cotizando en bolsa. Grandes estados como Alemania, Francia, Italia, Espa\u00f1a y Portugal se han reforzado en los \u00faltimos a\u00f1os sobre todo en firmas de energ\u00eda,&#8230;<\/p>\n<\/div>\n<p><br \/>\n<br \/><a href=\"https:\/\/www.eleconomista.es\/mercados-cotizaciones\/amp\/12777752\/europa-refuerza-su-participacion-publica-en-cotizadas-de-energia-defensa-y-telecomunicaciones\">Fuente<\/a><\/p>\n","protected":false},"excerpt":{"rendered":"<p>El mundo y Europa en particular est\u00e1n dando pasos atr\u00e1s en la internacionalizaci\u00f3n y la privatizaci\u00f3n de las empresas en un contexto en el que se busca defender a los sectores m\u00e1s estrat\u00e9gicos para las econom\u00edas. El Covid, los problemas de suministro y los conflictos geopol\u00edticos son algunas de las razones que han precipitado a [&hellip;]<\/p>\n","protected":false},"author":1,"featured_media":0,"comment_status":"closed","ping_status":"closed","sticky":false,"template":"","format":"standard","meta":{"jnews-multi-image_gallery":[],"jnews_single_post":[],"jnews_primary_category":[],"jnews_override_counter":[],"jnews_post_split":[],"footnotes":""},"categories":[582],"tags":[],"class_list":["post-7458","post","type-post","status-publish","format-standard","hentry","category-france-es"],"_links":{"self":[{"href":"https:\/\/eudailytimes.com\/es\/wp-json\/wp\/v2\/posts\/7458","targetHints":{"allow":["GET"]}}],"collection":[{"href":"https:\/\/eudailytimes.com\/es\/wp-json\/wp\/v2\/posts"}],"about":[{"href":"https:\/\/eudailytimes.com\/es\/wp-json\/wp\/v2\/types\/post"}],"author":[{"embeddable":true,"href":"https:\/\/eudailytimes.com\/es\/wp-json\/wp\/v2\/users\/1"}],"replies":[{"embeddable":true,"href":"https:\/\/eudailytimes.com\/es\/wp-json\/wp\/v2\/comments?post=7458"}],"version-history":[{"count":0,"href":"https:\/\/eudailytimes.com\/es\/wp-json\/wp\/v2\/posts\/7458\/revisions"}],"wp:attachment":[{"href":"https:\/\/eudailytimes.com\/es\/wp-json\/wp\/v2\/media?parent=7458"}],"wp:term":[{"taxonomy":"category","embeddable":true,"href":"https:\/\/eudailytimes.com\/es\/wp-json\/wp\/v2\/categories?post=7458"},{"taxonomy":"post_tag","embeddable":true,"href":"https:\/\/eudailytimes.com\/es\/wp-json\/wp\/v2\/tags?post=7458"}],"curies":[{"name":"wp","href":"https:\/\/api.w.org\/{rel}","templated":true}]}}