{"id":9444,"date":"2024-07-05T03:50:07","date_gmt":"2024-07-05T03:50:07","guid":{"rendered":"https:\/\/eudailytimes.com\/naiz-iritzia-opinion-francia-enciende-las-luces-rojas-en-europa\/"},"modified":"2024-07-05T03:50:07","modified_gmt":"2024-07-05T03:50:07","slug":"naiz-iritzia-opinion-francia-enciende-las-luces-rojas-en-europa","status":"publish","type":"post","link":"https:\/\/eudailytimes.com\/es\/naiz-iritzia-opinion-francia-enciende-las-luces-rojas-en-europa\/","title":{"rendered":"naiz: Iritzia | Opini\u00f3n &#8211; Francia enciende las luces rojas en Europa"},"content":{"rendered":"<p> <br \/>\n<\/p>\n<div lang=\"es\">\n<p>Hemos tenido este domingo la primera parte de las elecciones legislativas en Francia. Con la incertidumbre de si la extrema derecha de Marine Le Pen, su Agrupaci\u00f3n Nacional, ser\u00eda capaz de arrasar, seg\u00fan indicaban las encuestas. <\/p>\n<p>Las declaraciones de quien podr\u00eda ser su primer ministro, Jordan Bardella, asegurando que \u00abiba a poner orden en Francia\u00bb asustan, porque ya intuimos lo que significa eso para la extrema derecha. <\/p>\n<p>Estas elecciones, al igual que las comentadas de noviembre, son vitales para Europa y el mundo. <\/p>\n<p>Una asamblea de 577 miembros en la que debido al especial&#8230;<\/p>\n<\/div>\n<p><br \/>\n<br \/><a href=\"https:\/\/www.naiz.eus\/eu\/iritzia\/articulos\/francia-enciende-las-luces-rojas-en-europa\">Fuente<\/a><\/p>\n","protected":false},"excerpt":{"rendered":"<p>Hemos tenido este domingo la primera parte de las elecciones legislativas en Francia. Con la incertidumbre de si la extrema derecha de Marine Le Pen, su Agrupaci\u00f3n Nacional, ser\u00eda capaz de arrasar, seg\u00fan indicaban las encuestas. Las declaraciones de quien podr\u00eda ser su primer ministro, Jordan Bardella, asegurando que \u00abiba a poner orden en Francia\u00bb [&hellip;]<\/p>\n","protected":false},"author":1,"featured_media":0,"comment_status":"closed","ping_status":"closed","sticky":false,"template":"","format":"standard","meta":{"jnews-multi-image_gallery":[],"jnews_single_post":[],"jnews_primary_category":[],"jnews_override_counter":[],"jnews_post_split":[],"footnotes":""},"categories":[59,582],"tags":[],"class_list":["post-9444","post","type-post","status-publish","format-standard","hentry","category-france","category-france-es"],"_links":{"self":[{"href":"https:\/\/eudailytimes.com\/es\/wp-json\/wp\/v2\/posts\/9444","targetHints":{"allow":["GET"]}}],"collection":[{"href":"https:\/\/eudailytimes.com\/es\/wp-json\/wp\/v2\/posts"}],"about":[{"href":"https:\/\/eudailytimes.com\/es\/wp-json\/wp\/v2\/types\/post"}],"author":[{"embeddable":true,"href":"https:\/\/eudailytimes.com\/es\/wp-json\/wp\/v2\/users\/1"}],"replies":[{"embeddable":true,"href":"https:\/\/eudailytimes.com\/es\/wp-json\/wp\/v2\/comments?post=9444"}],"version-history":[{"count":0,"href":"https:\/\/eudailytimes.com\/es\/wp-json\/wp\/v2\/posts\/9444\/revisions"}],"wp:attachment":[{"href":"https:\/\/eudailytimes.com\/es\/wp-json\/wp\/v2\/media?parent=9444"}],"wp:term":[{"taxonomy":"category","embeddable":true,"href":"https:\/\/eudailytimes.com\/es\/wp-json\/wp\/v2\/categories?post=9444"},{"taxonomy":"post_tag","embeddable":true,"href":"https:\/\/eudailytimes.com\/es\/wp-json\/wp\/v2\/tags?post=9444"}],"curies":[{"name":"wp","href":"https:\/\/api.w.org\/{rel}","templated":true}]}}